{"id":5747,"date":"2021-11-02T21:03:00","date_gmt":"2021-11-02T21:03:00","guid":{"rendered":"https:\/\/micasaresourcecenter.org\/?p=5747"},"modified":"2025-07-28T13:01:04","modified_gmt":"2025-07-28T19:01:04","slug":"mi-casa-congratulates-raymond-gonzales-on-dual-appointments","status":"publish","type":"post","link":"https:\/\/micasaresourcecenter.org\/es\/mi-casa-congratulates-raymond-gonzales-on-dual-appointments\/","title":{"rendered":"Mi Casa felicita a Raymond Gonzales por sus dos nombramientos"},"content":{"rendered":"<p><strong>Mi Casa Resource Center<\/strong>\u00ae&nbsp;<strong>felicita a Raymond Gonzales por su nombramiento como Vicepresidente Ejecutivo de la C\u00e1mara de Comercio del \u00c1rea Metropolitana de Denver y Presidente de la Corporaci\u00f3n de Desarrollo Econ\u00f3mico del \u00c1rea Metropolitana de Denver.<\/strong>&nbsp;<\/p>\n\n\n\n<p>Denver - Mi Casa Resource Center\u00ae celebra la designaci\u00f3n de Raymond Gonzales como Vicepresidente Ejecutivo de la C\u00e1mara de Comercio del \u00c1rea Metropolitana de Denver y como Presidente de la Corporaci\u00f3n de Desarrollo Econ\u00f3mico del \u00c1rea Metropolitana de Denver (EDC), que entrar\u00e1 en vigencia el 1 de diciembre de 2021. Las necesidades y desaf\u00edos empresariales posteriores a la pandemia de los pr\u00f3ximos a\u00f1os requerir\u00e1n un liderazgo innovador y es inspirador ver liderazgo de la comunidad Latinx en la que Mi Casa Resource Center ha estado arraigada desde su creaci\u00f3n.<\/p>\n\n\n\n<p>Como presidente de la Metro Denver EDC, que abarca 70 ciudades y agencias de desarrollo econ\u00f3mico en la regi\u00f3n metropolitana de Denver de nueve condados para promover la prosperidad econ\u00f3mica, y liderando una c\u00e1mara de comercio que ha adoptado un enfoque m\u00e1s elevado para brindar a la gente de Denver grandes trabajos, Raymond Gonzales ocupar\u00e1 ambos roles cuando Denver emerja de la pandemia de COVID-19. \"Mi Casa cree que Raymond es un ajuste excelente para el trabajo\", dijo Angeles Ortega, CEO de Mi Casa. \"Ha demostrado su capacidad de liderazgo al dedicarse al servicio gubernamental durante los \u00faltimos veinticuatro a\u00f1os\". A\u00f1adi\u00f3: \"Lo m\u00e1s emocionante de su nombramiento es que continuar\u00e1 su trabajo en beneficio del condado en el que naci\u00f3. S\u00e9 que su coraz\u00f3n estar\u00e1 en este trabajo. No hay duda de que esta es una oportunidad significativa para hacer que Denver sea lo mejor posible para todos los propietarios de negocios, peque\u00f1os y grandes. Se pueden dar pasos hacia adelante para las empresas de propiedad minoritaria que han enfrentado obst\u00e1culos adicionales debido a la pandemia\".&nbsp;<\/p>\n\n\n\n<p>Mi Casa Resource Center\u00ae: Fundado en 1976 por siete madres y un padre del \u00e1rea de Denver, Mi Casa Resource Center\u00ae educa, entrena y apoya a j\u00f3venes y adultos en su trayectoria profesional y empresarial para aumentar sus ingresos y lograr un \u00e9xito econ\u00f3mico duradero. Centrado en apoyar el crecimiento de ingresos y el empleo, ya sea el autoempleo, el empleo formal o cualquier otra cosa, Mi Casa Resource Center\u00ae brinda capacitaci\u00f3n y apoyo personalizado para ayudar a las personas a dar el siguiente paso en su viaje hacia el \u00e9xito financiero. Obtenga m\u00e1s informaci\u00f3n en MiCasaResourceCenter.org.<\/p>","protected":false},"excerpt":{"rendered":"<p>Mi Casa Resource Center\u00ae&nbsp;Congratulates Raymond Gonzales on Being Appointed Executive VP of the Denver Metro Chamber of Commerce and President of the Metro Denver Economic Development Corporation.&nbsp; Denver &#8211; Mi [&hellip;]<\/p>\n","protected":false},"author":1,"featured_media":5797,"comment_status":"closed","ping_status":"open","sticky":false,"template":"","format":"standard","meta":{"_price":"","_stock":"","_tribe_ticket_header":"","_tribe_default_ticket_provider":"","_tribe_ticket_capacity":"0","_ticket_start_date":"","_ticket_end_date":"","_tribe_ticket_show_description":"","_tribe_ticket_show_not_going":false,"_tribe_ticket_use_global_stock":"","_tribe_ticket_global_stock_level":"","_global_stock_mode":"","_global_stock_cap":"","_tribe_rsvp_for_event":"","_tribe_ticket_going_count":"","_tribe_ticket_not_going_count":"","_tribe_tickets_list":"[]","_tribe_ticket_has_attendee_info_fields":false,"_EventAllDay":false,"_EventTimezone":"","_EventStartDate":"","_EventEndDate":"","_EventStartDateUTC":"","_EventEndDateUTC":"","_EventShowMap":false,"_EventShowMapLink":false,"_EventURL":"","_EventCost":"","_EventCostDescription":"","_EventCurrencySymbol":"","_EventCurrencyCode":"","_EventCurrencyPosition":"","_EventDateTimeSeparator":"","_EventTimeRangeSeparator":"","_EventOrganizerID":[],"_EventVenueID":[],"_OrganizerEmail":"","_OrganizerPhone":"","_OrganizerWebsite":"","_VenueAddress":"","_VenueCity":"","_VenueCountry":"","_VenueProvince":"","_VenueState":"","_VenueZip":"","_VenuePhone":"","_VenueURL":"","_VenueStateProvince":"","_VenueLat":"","_VenueLng":"","_VenueShowMap":false,"_VenueShowMapLink":false,"_tribe_blocks_recurrence_rules":"","_tribe_blocks_recurrence_description":"","_tribe_blocks_recurrence_exclusions":"","footnotes":""},"categories":[65,1],"tags":[53,67,51],"class_list":["post-5747","post","type-post","status-publish","format-standard","has-post-thumbnail","hentry","category-news-and-updates","category-sin-categoria","tag-business-pathways","tag-latinx-leaders","tag-mi-casa-resource-center"],"_links":{"self":[{"href":"https:\/\/micasaresourcecenter.org\/es\/wp-json\/wp\/v2\/posts\/5747","targetHints":{"allow":["GET"]}}],"collection":[{"href":"https:\/\/micasaresourcecenter.org\/es\/wp-json\/wp\/v2\/posts"}],"about":[{"href":"https:\/\/micasaresourcecenter.org\/es\/wp-json\/wp\/v2\/types\/post"}],"author":[{"embeddable":true,"href":"https:\/\/micasaresourcecenter.org\/es\/wp-json\/wp\/v2\/users\/1"}],"replies":[{"embeddable":true,"href":"https:\/\/micasaresourcecenter.org\/es\/wp-json\/wp\/v2\/comments?post=5747"}],"version-history":[{"count":0,"href":"https:\/\/micasaresourcecenter.org\/es\/wp-json\/wp\/v2\/posts\/5747\/revisions"}],"wp:featuredmedia":[{"embeddable":true,"href":"https:\/\/micasaresourcecenter.org\/es\/wp-json\/wp\/v2\/media\/5797"}],"wp:attachment":[{"href":"https:\/\/micasaresourcecenter.org\/es\/wp-json\/wp\/v2\/media?parent=5747"}],"wp:term":[{"taxonomy":"category","embeddable":true,"href":"https:\/\/micasaresourcecenter.org\/es\/wp-json\/wp\/v2\/categories?post=5747"},{"taxonomy":"post_tag","embeddable":true,"href":"https:\/\/micasaresourcecenter.org\/es\/wp-json\/wp\/v2\/tags?post=5747"}],"curies":[{"name":"wp","href":"https:\/\/api.w.org\/{rel}","templated":true}]}}